							
{"id":1817,"date":"2017-10-10T14:21:43","date_gmt":"2017-10-10T13:21:43","guid":{"rendered":"http:\/\/www.iavvocato.eu\/?p=1817"},"modified":"2017-10-10T14:21:43","modified_gmt":"2017-10-10T13:21:43","slug":"il-fisco-4-0-e-la-filiera-dellopen-innovation","status":"publish","type":"post","link":"http:\/\/www.iavvocato.cloud\/?p=1817","title":{"rendered":"Il Fisco 4.0 e la filiera dell\u2019open innovation"},"content":{"rendered":"<p>Il prossimo mercoled\u00ec 18 Ottobre alle 15:30 sar\u00f2 a Milano per un convegno consigliato alle Startup, Scale-up e alle imprese innovative o a quelle imprese che vogliono comunque innovarsi, e sono interessate a informarsi sulle grandi potenzialit\u00e0 offerte dagli strumenti normativi messi in campo dallo Stato con il piano &#8220;Industria 4.0&#8221;.<\/p>\n<p>Potenzialit\u00e0 gi\u00e0 ottime se sfruttate singolarmente, ma esponenzialmente pi\u00f9 proficue se aggredite come filiera, particolarmente interessante nell&#8217;ottica della &#8220;Open Innovation&#8221;.<\/p>\n<p>Con chi \u00e8 libero ed interessato ci vediamo alle 15:30 alla Sala Convegni di Intesa San Paolo (Piazza Belgioioso 1, Milano).<\/p>\n<p>Per iscrivervi trovate i riferimenti nella locandina oppure scrivetemi in privato (qui o su twitter <a href=\"https:\/\/twitter.com\/iavvocato\" target=\"_blank\" rel=\"noopener nofollow\">@iAvvocato<\/a>).<\/p>\n<p>Di seguito la locandina completa.<\/p>\n<p><img loading=\"lazy\" decoding=\"async\" class=\"aligncenter size-large wp-image-1819\" src=\"http:\/\/www.iavvocato.eu\/wp-content\/uploads\/2017\/10\/locandina-722x1024.png\" alt=\"\" width=\"722\" height=\"1024\" srcset=\"http:\/\/www.iavvocato.cloud\/wp-content\/uploads\/2017\/10\/locandina-722x1024.png 722w, http:\/\/www.iavvocato.cloud\/wp-content\/uploads\/2017\/10\/locandina-212x300.png 212w, http:\/\/www.iavvocato.cloud\/wp-content\/uploads\/2017\/10\/locandina-768x1089.png 768w, http:\/\/www.iavvocato.cloud\/wp-content\/uploads\/2017\/10\/locandina-300x425.png 300w, http:\/\/www.iavvocato.cloud\/wp-content\/uploads\/2017\/10\/locandina-1080x1531.png 1080w, http:\/\/www.iavvocato.cloud\/wp-content\/uploads\/2017\/10\/locandina.png 1772w\" sizes=\"(max-width: 722px) 100vw, 722px\" \/><\/p>\n","protected":false},"excerpt":{"rendered":"<p>Il prossimo mercoled\u00ec 18 Ottobre alle 15:30 sar\u00f2 a Milano per un convegno consigliato alle Startup, Scale-up e alle imprese innovative o a quelle imprese che vogliono comunque innovarsi, e sono interessate a informarsi sulle grandi potenzialit\u00e0 offerte dagli strumenti normativi messi in campo dallo Stato con il piano &#8220;Industria 4.0&#8221;. Potenzialit\u00e0 gi\u00e0 ottime se [&hellip;]<\/p>\n","protected":false},"author":2,"featured_media":1818,"comment_status":"open","ping_status":"open","sticky":false,"template":"","format":"standard","meta":{"_et_pb_use_builder":"","_et_pb_old_content":"","_et_gb_content_width":"","_monsterinsights_skip_tracking":false,"_monsterinsights_sitenote_active":false,"_monsterinsights_sitenote_note":"","_monsterinsights_sitenote_category":0,"footnotes":""},"categories":[54,50],"tags":[],"class_list":["post-1817","post","type-post","status-publish","format-standard","has-post-thumbnail","hentry","category-startup-law","category-tech-tax-and-eu"],"_links":{"self":[{"href":"http:\/\/www.iavvocato.cloud\/index.php?rest_route=\/wp\/v2\/posts\/1817","targetHints":{"allow":["GET"]}}],"collection":[{"href":"http:\/\/www.iavvocato.cloud\/index.php?rest_route=\/wp\/v2\/posts"}],"about":[{"href":"http:\/\/www.iavvocato.cloud\/index.php?rest_route=\/wp\/v2\/types\/post"}],"author":[{"embeddable":true,"href":"http:\/\/www.iavvocato.cloud\/index.php?rest_route=\/wp\/v2\/users\/2"}],"replies":[{"embeddable":true,"href":"http:\/\/www.iavvocato.cloud\/index.php?rest_route=%2Fwp%2Fv2%2Fcomments&post=1817"}],"version-history":[{"count":1,"href":"http:\/\/www.iavvocato.cloud\/index.php?rest_route=\/wp\/v2\/posts\/1817\/revisions"}],"predecessor-version":[{"id":1820,"href":"http:\/\/www.iavvocato.cloud\/index.php?rest_route=\/wp\/v2\/posts\/1817\/revisions\/1820"}],"wp:featuredmedia":[{"embeddable":true,"href":"http:\/\/www.iavvocato.cloud\/index.php?rest_route=\/wp\/v2\/media\/1818"}],"wp:attachment":[{"href":"http:\/\/www.iavvocato.cloud\/index.php?rest_route=%2Fwp%2Fv2%2Fmedia&parent=1817"}],"wp:term":[{"taxonomy":"category","embeddable":true,"href":"http:\/\/www.iavvocato.cloud\/index.php?rest_route=%2Fwp%2Fv2%2Fcategories&post=1817"},{"taxonomy":"post_tag","embeddable":true,"href":"http:\/\/www.iavvocato.cloud\/index.php?rest_route=%2Fwp%2Fv2%2Ftags&post=1817"}],"curies":[{"name":"wp","href":"https:\/\/api.w.org\/{rel}","templated":true}]}}