							
{"id":1918,"date":"2019-06-25T10:44:00","date_gmt":"2019-06-25T09:44:00","guid":{"rendered":"http:\/\/www.iavvocato.cloud\/?p=1918"},"modified":"2019-06-25T12:38:45","modified_gmt":"2019-06-25T11:38:45","slug":"umani-diritto-tecnologie-le-nuove-sfide-convegno-annuale-2019-del-circolo-dei-giuristi-telematici","status":"publish","type":"post","link":"http:\/\/www.iavvocato.cloud\/?p=1918","title":{"rendered":"Umani, diritto &#038; tecnologie: le nuove sfide &#8211; Convegno annuale 2019 del Circolo dei Giuristi Telematici"},"content":{"rendered":"<p>[et_pb_section bb_built=&#8221;1&#8243;][et_pb_row][et_pb_column type=&#8221;4_4&#8243;][et_pb_text _builder_version=&#8221;3.18.6&#8243;]<\/p>\n<p>Venerd\u00ec 21 giugno 2019\u200b, dalle 9.00 alle 14.00, presso la sala del Refettorio della Camera dei Deputati (Palazzo San Macuto &#8211; via del Seminario 76, Roma) si \u00e8 tenuto il Convegno annuale 2019 del Circolo dei Giuristi Telematici intitolato\u200b\u201c2019 Umani, diritto &amp; tecnologie: le nuove sfide\u201d\u200b.<\/p>\n<p>L\u2019incessante evoluzione digitale, trasformando la societ\u00e0 civile in ogni suo ambito, impone profonde riflessioni sul ruolo del diritto chiamato a regolamentare le pi\u00f9 innovative tecnologie. Ed \u00e8 proprio in questo scenario che \u00e8 stato analizzato il rapporto tra diritto e tecnologia avendo come \u200bfocus\u200b l\u2019Uomo in tutta la sua essenza.<\/p>\n<p>Alla giornata di studi articolata in due sessioni, hanno partecipato rappresentanti delle istituzioni, mondo accademico ed esperti in materia.<\/p>\n<p>Nella prima sessione, che ho avuto l&#8217;onore di moderare, si sono analizzati i temi strettamente correlati all\u2019idea di diritto e tecnologia nelle varie declinazioni: Umani e Intelligenza Artificiale; Umani e Blockchain; Umani e Robot; Umani e \u200bPrivacy\u200b.<\/p>\n<p>Nella seconda parte della giornata si \u00e8 tenuta la tavola rotonda volta a comprendere il ruolo del diritto nelle sfide poste dall\u2019Uomo in tutte le sue espressioni attraverso la tecnologia.<\/p>\n<p>Il Convegno \u00e8 stato curato a livello scientifico e organizzativo dal Consiglio Direttivo del Circolo dei Giuristi Telematici, formato dal Presidente Avv. \u200bGiorgio Battaglini\u200b e dagli avv. Vincenzo Colarocco\u200b, \u200bPaolo Lessio\u200b e Alessia Sorgato\u200b e del quale fa parte immeritatamente parte anche il sottoscritto in qualit\u00e0 di relatore.<\/p>\n<p>Dato che mi sono preso la briga di filmare, scaricare i video, tagliarli e poi caricarli sul canale youtube del circolo, frego tutti sul tempo e pubblico qui per primo l&#8217;embedding dell video integrale di questo bellisimo convegno (di qualit\u00e0 un po&#8217; migliore rispetto a quello andato in diretta Facebook).<\/p>\n<p>[\/et_pb_text][\/et_pb_column][\/et_pb_row][et_pb_row][et_pb_column type=&#8221;4_4&#8243;][et_pb_toggle _builder_version=&#8221;3.18.6&#8243; title=&#8221;La Locandina Integrale del Convegno&#8221;]<\/p>\n<p>\u00a0<\/p>\n<p style=\"text-align: center;\"><b><i>&#8220;2019 Umani, diritto &amp; tecnologie: le nuove sfide&#8221;<\/i><\/b><\/p>\n<p>\u00a0<\/p>\n<p><b><i>Registrazione partecipanti <\/i><\/b><span style=\"font-weight: 400;\">(8.45 \u2013 9.15)\u00a0<\/span><\/p>\n<p><b><i>Saluti e presentazione giornata<\/i><\/b> <span style=\"font-weight: 400;\">(9.15 \u2013 9.30)\u00a0<\/span><span style=\"font-weight: 400;\"><br \/><\/span><\/p>\n<p><b>Avv. Giorgio Battaglini<\/b><span style=\"font-weight: 400;\"> (Presidente Circolo Giuristi Telematici &#8211; CGT)<br \/><\/span><b>Dott. Riccardo Genghini<\/b><span style=\"font-weight: 400;\"> (Presidente di ANORC mercato)<\/span><\/p>\n<p><b><i>Prima sessione<\/i><\/b> <b><i>\u2013 <\/i><\/b><span style=\"font-weight: 400;\">(9.30 \u2013 11.15)<\/span><span style=\"font-weight: 400;\"><br \/><\/span> <i><span style=\"font-weight: 400;\">Modera<\/span><\/i><i><span style=\"font-weight: 400;\">:<\/span><\/i><b><i>\u00a0Avv. Giovanni Mameli <\/i><\/b><i>&#8211;<\/i><i>Tesoriere Circolo Giuristi Telematici\u00a0<br \/><b>Avv. Ernesto Belisario<\/b><span style=\"font-weight: 400;\">\u00a0&#8211;\u00a0intelligenza artificiale nella PA: trasparenza, contratti e diritti<\/span><br \/><\/i><b><i><\/i><\/b><b><i>Dott.ssa Fernanda Faini<\/i><\/b><i><span style=\"font-weight: 400;\"> &#8211; Dati, algoritmi e intelligenza artificiale: il ruolo del diritto<br \/><\/span><\/i><b><i>Avv. Lucio Scudiero<\/i><\/b><i><span style=\"font-weight: 400;\"> &#8211; Come usare il GDPR in chiave anticompetitiva<br \/><\/span><\/i><b><i>Avv. Emanuele Cavann<\/i><\/b><b>a<\/b> <i><span style=\"font-weight: 400;\">&#8211; I.A. e giustizia predittiva: i primi esperimenti e le condizioni essenziali per il futuro\u00a0<br \/><\/span><\/i><b><i>Avv. Carlo Piana <\/i><\/b><i><span style=\"font-weight: 400;\">&#8211; Block chain, smart contracts e altre nefandezze (legali)<\/span><\/i><\/p>\n<p><b><i>Tavola Rotonda<\/i><\/b><span style=\"font-weight: 400;\"> (11.30 \u2013 13.00)\u00a0\u00a0<br \/><\/span><i><span style=\"font-weight: 400;\">Modera<\/span><\/i><i><span style=\"font-weight: 400;\">:<\/span><\/i><b><i> Raffaele Barberio<span style=\"font-weight: 400;\">, <\/span><span style=\"font-weight: 400;\">Direttore<\/span> <span style=\"font-weight: 400;\">Key4biz\u00a0<br \/><\/span><\/i><\/b><b><i>On. Riccardo Magi<\/i><\/b><span style=\"font-weight: 400;\"> (Deputato di +Europa, membro della I commissione Affari Costituzionali)<br \/><\/span><b><i>Dr. Giovanni Calabr\u00f2<\/i><\/b><span style=\"font-weight: 400;\"> (Direttore Generale Autorit\u00e0 Garante della Concorrenza e del Mercato)<br \/><\/span><b><i>Avv. Giovanni Busia<\/i><\/b><span style=\"font-weight: 400;\"> (Segretario Generale Autorit\u00e0 Garante per la protezione dei dati personali)\u00a0<br \/><\/span><b><i>Dr. Davide Gallino<\/i><\/b> <span style=\"font-weight: 400;\">(Dirigente Ufficio Sviluppo infrastrutture e servizi digitali, governance di Internet Autorit\u00e0 per le Garanzie nella Comunicazioni)<br \/><\/span><b><i>Prof.ssa Avv. Dianora Poletti<\/i><\/b><span style=\"font-weight: 400;\"> (Ordinario di Diritto Privato<\/span><span style=\"font-weight: 400;\"> e di Diritto dell\u2019Informatica, Universit\u00e0 di Pisa)<br \/><\/span><b><i>Avv. Marco Scialdone<\/i><\/b><span style=\"font-weight: 400;\"> (Docente Universit\u00e0 Europea di Roma- InnoLawLab)<br \/><\/span><b><i>Avv. Fulvio Sarzana di Sant\u2019Ippolito<\/i><\/b> <span style=\"font-weight: 400;\">(<\/span><span style=\"font-weight: 400;\">Professore straordinario di diritto dell\u2019amministrazione digitale presso l\u2019Universit\u00e0 telematica internazionale UNINettuno di Roma<\/span><span style=\"font-weight: 400;\">)<\/span><\/p>\n<p><b><i>Conclusioni<\/i><\/b> <span style=\"font-weight: 400;\">(13.00 \u2013 13.30)\u00a0<br \/><\/span><b>Avv. Paolo Lessio<\/b><b>\u00a0<\/b><span style=\"font-weight: 400;\">&#8211;\u00a0 <\/span><b>Avv. Vincenzo Colarocco <span style=\"font-weight: 400;\">&#8211; <\/span>Avv. Alessia Sorgato<\/b><span style=\"font-weight: 400;\">\u00a0(Direttivo Circolo Giuristi Telematici)<\/span><\/p>\n<p><b><i>Pausa Pranzo<\/i><\/b> <span style=\"font-weight: 400;\">(13.30 \u2013 15.00)<\/span><\/p>\n<p><b>Assemblea dei soci del Circolo dei Giuristi Telematici<\/b> <span style=\"font-weight: 400;\">(15.30 \u2013 17.00)<\/span><\/p>\n<p>[\/et_pb_toggle][\/et_pb_column][\/et_pb_row][et_pb_row][et_pb_column type=&#8221;1_3&#8243;][et_pb_text _builder_version=&#8221;3.18.6&#8243;]<\/p>\n<p>Il video integrale del Convegno, pubblicato sul canale youtube del circolo, lo trovate qui:<\/p>\n<p>[\/et_pb_text][\/et_pb_column][et_pb_column type=&#8221;2_3&#8243;][et_pb_text _builder_version=&#8221;3.18.6&#8243;]<\/p>\n<p>\n<iframe loading=\"lazy\" width=\"560\" height=\"315\" src=\"https:\/\/www.youtube.com\/embed\/videoseries?list=PLwAfgUkM1jM1-Z770ikMrBDGPXhi9Wapi\" frameborder=\"0\" allow=\"accelerometer; autoplay; encrypted-media; gyroscope; picture-in-picture\" allowfullscreen><\/iframe><\/p>\n<p>[\/et_pb_text][\/et_pb_column][\/et_pb_row][\/et_pb_section]<\/p>\n","protected":false},"excerpt":{"rendered":"<p>Dato che mi sono preso la briga di filmare, scaricare i video, tagliarli e poi caricarli sul canale youtube del CGT, frego tutti sul tempo e pubblico qui per primo l&#8217;embedding dell video integrale di questo bellisimo convegno (di qualit\u00e0 un po&#8217; migliore rispetto a quello andato in diretta Facebook).<\/p>\n","protected":false},"author":2,"featured_media":1922,"comment_status":"open","ping_status":"open","sticky":false,"template":"","format":"standard","meta":{"_et_pb_use_builder":"on","_et_pb_old_content":"","_et_gb_content_width":"","_monsterinsights_skip_tracking":false,"_monsterinsights_sitenote_active":false,"_monsterinsights_sitenote_note":"","_monsterinsights_sitenote_category":0,"footnotes":""},"categories":[74,73,50],"tags":[],"class_list":["post-1918","post","type-post","status-publish","format-standard","has-post-thumbnail","hentry","category-blockchain","category-intelligenza-artificiale","category-tech-tax-and-eu"],"_links":{"self":[{"href":"http:\/\/www.iavvocato.cloud\/index.php?rest_route=\/wp\/v2\/posts\/1918","targetHints":{"allow":["GET"]}}],"collection":[{"href":"http:\/\/www.iavvocato.cloud\/index.php?rest_route=\/wp\/v2\/posts"}],"about":[{"href":"http:\/\/www.iavvocato.cloud\/index.php?rest_route=\/wp\/v2\/types\/post"}],"author":[{"embeddable":true,"href":"http:\/\/www.iavvocato.cloud\/index.php?rest_route=\/wp\/v2\/users\/2"}],"replies":[{"embeddable":true,"href":"http:\/\/www.iavvocato.cloud\/index.php?rest_route=%2Fwp%2Fv2%2Fcomments&post=1918"}],"version-history":[{"count":7,"href":"http:\/\/www.iavvocato.cloud\/index.php?rest_route=\/wp\/v2\/posts\/1918\/revisions"}],"predecessor-version":[{"id":1928,"href":"http:\/\/www.iavvocato.cloud\/index.php?rest_route=\/wp\/v2\/posts\/1918\/revisions\/1928"}],"wp:featuredmedia":[{"embeddable":true,"href":"http:\/\/www.iavvocato.cloud\/index.php?rest_route=\/wp\/v2\/media\/1922"}],"wp:attachment":[{"href":"http:\/\/www.iavvocato.cloud\/index.php?rest_route=%2Fwp%2Fv2%2Fmedia&parent=1918"}],"wp:term":[{"taxonomy":"category","embeddable":true,"href":"http:\/\/www.iavvocato.cloud\/index.php?rest_route=%2Fwp%2Fv2%2Fcategories&post=1918"},{"taxonomy":"post_tag","embeddable":true,"href":"http:\/\/www.iavvocato.cloud\/index.php?rest_route=%2Fwp%2Fv2%2Ftags&post=1918"}],"curies":[{"name":"wp","href":"https:\/\/api.w.org\/{rel}","templated":true}]}}