							
{"id":291,"date":"2010-06-07T12:53:19","date_gmt":"2010-06-07T11:53:19","guid":{"rendered":"http:\/\/www.iavvocato.eu\/?p=291"},"modified":"2019-05-08T12:36:26","modified_gmt":"2019-05-08T11:36:26","slug":"mi-sa-tanto-sono-il-primo-caso-italiano-di-screen-failure-dellipad","status":"publish","type":"post","link":"http:\/\/www.iavvocato.cloud\/?p=291","title":{"rendered":"Mi sa tanto sono il primo caso italiano di iPad in assistenza.. meno male che quella di Apple \u00e8 una garanzia di qualit\u00e0!!"},"content":{"rendered":"<p>Ragazzi che depressione.<\/p>\n<p>Stamattina sono venuto in studio con i mezzi. Devo dire che mi sta capitando spesso negli ultimi dieci giorni (ndr:da quando ho l&#8217;iPad) \u00a0di lasciare lo scooter a casa, prendere un autobus, e la mattina leggere <a title=\"link iTunes\" href=\"http:\/\/itunes.apple.com\/it\/app\/la-repubblica\/id369348994?mt=8\">Repubblica +<\/a> sul mio iPad comodamente seduto sull&#8217;autobus, magari sbrigare qualche mail, etc.<\/p>\n<p>Quando sono arrivato in studio, alle 9.10 circa. Ho appoggiato l&#8217;iPad sulla scrivania, mi sono tolto la giacca per posarla sulla sedia come faccio sempre, e quando ho ripreso l&#8217;iPad in mano con l&#8217;intenzione di concludere la lettura del giornale (mi mancava solo lo sport, mannaggia!!) per\u00a0poi aprire <a title=\"link iTunes\" href=\"http:\/\/itunes.apple.com\/us\/app\/fast-pdf\/id365270223?mt=8\">FastPdf <\/a>e\/o <a title=\"link itunes\" href=\"http:\/\/itunes.apple.com\/us\/app\/goodreader-for-ipad\/id363448914?mt=8\">goodreader<\/a>, nei quali tengo i pdf di tutti i fascicoli su cui sto lavorando in questo periodo (stavo provando a liberare completamente la mia scrivania dalla carta) questa \u00e8 la schermata che mi si \u00e8 presentata<\/p>\n<p><object width=\"480\" height=\"385\" classid=\"clsid:d27cdb6e-ae6d-11cf-96b8-444553540000\" codebase=\"http:\/\/download.macromedia.com\/pub\/shockwave\/cabs\/flash\/swflash.cab#version=6,0,40,0\"><param name=\"allowFullScreen\" value=\"true\" \/><param name=\"allowscriptaccess\" value=\"always\" \/><param name=\"src\" value=\"http:\/\/www.youtube.com\/v\/9TAQO6YByrM&amp;hl=it_IT&amp;fs=1&amp;\" \/><param name=\"allowfullscreen\" value=\"true\" \/><embed type=\"application\/x-shockwave-flash\" width=\"480\" height=\"385\" src=\"http:\/\/www.youtube.com\/v\/9TAQO6YByrM&amp;hl=it_IT&amp;fs=1&amp;\" allowscriptaccess=\"always\" allowfullscreen=\"allowfullscreen\" \/><\/object><\/p>\n<p>Ovviamente, da buon geek, ho subito provato a spegnere l&#8217;iPad, poi a fare l&#8217;<a title=\"apple care\" href=\"http:\/\/support.apple.com\/kb\/HT4057\">hard reset<\/a>, ma nulla, lo schermo continuava imperterrito a mostrarmi il terribile arcobaleno fluttuante.<\/p>\n<p>Subito dopo, da \u00a0utente mac accorto, ho provato a collegarlo al macbook, sincronizzarlo, e poi resettarlo completamente.<br \/>\n<object width=\"480\" height=\"385\" classid=\"clsid:d27cdb6e-ae6d-11cf-96b8-444553540000\" codebase=\"http:\/\/download.macromedia.com\/pub\/shockwave\/cabs\/flash\/swflash.cab#version=6,0,40,0\"><param name=\"allowFullScreen\" value=\"true\" \/><param name=\"allowscriptaccess\" value=\"always\" \/><param name=\"src\" value=\"http:\/\/www.youtube.com\/v\/UPyiSIcifr0&amp;hl=it_IT&amp;fs=1&amp;rel=0\" \/><param name=\"allowfullscreen\" value=\"true\" \/><embed type=\"application\/x-shockwave-flash\" width=\"480\" height=\"385\" src=\"http:\/\/www.youtube.com\/v\/UPyiSIcifr0&amp;hl=it_IT&amp;fs=1&amp;rel=0\" allowscriptaccess=\"always\" allowfullscreen=\"allowfullscreen\" \/><\/object><\/p>\n<p>Mentre era collegato, il mio mac lo vedeva e riconosceva perfettamente: iPhoto si \u00e8 aperto normalmente, chiedendomi se volevo sincronizzare le foto.<\/p>\n<p>Il mio amico Marco Greggi, ricercatore universitario, blogger (www.dirittotributario.eu) e mac-chista di lunga data, mi suggerisce possa trattarsi di un problema di scheda video. Io non ne capisco nulla e dunque mi limito a riportare, con malcelata preoccupazione, la sua riflessione.<\/p>\n<p>Dalla mia esperienza con l&#8217;assistenza apple, so che \u00e8 straordinaria e dunque confido di non avere problemi ad avere al pi\u00f9 presto il mio gioiellino riparato o uno nuovo.. Spero che il fatto di essere il primo (da qualche veloce chiamata ai centri di assistenza mi sa tanto di essere il primo caso in Italia di iPad failure) non complichi le cose.. tocchiamo ferro e aspettiamo domani sera.<\/p>\n<p><strong>AGGIORNAMENTO (10 giugno): <\/strong>Ieri sera sono stato all&#8217;Apple Store del centro commerciale Roma Est a Lunghezza (l&#8217;unico a Roma, per ora). Come al solito l&#8217;assistenza genius \u00e8 puntualissima (prenoti su internet, arrivi qualche minuto prima e il tuo nome di battesimo + iniziale del cognome saltella sugli schermi dietro il banco assistenza indicandoti che sei il prossimo, un gentilissimo e competentissimo assistente controlla il tuo problema) e velocissima nel capire che si tratta di un problema strutturale e dunque coperto dalla garanzia. Avevo appuntamento alle 20:40, alle 20.55 stavo uscendo dallo store con il mio nuovo iPad gi\u00e0 attivo datomi in cambio del vecchio.<\/p>\n<p style=\"text-align: center;\">* * *<\/p>\n<p>Certo, devo ammettere che questa debacle mi fa riflettere sui miei propositi bellicosi di digitalizzazione totale, secondo i quali gi\u00e0 mi accingevo a partire per le prossime udienze fuori sede lasciando a casa tutto il fascicolo cartaceo e portandomi dietro solo l&#8217;iPad&#8230;.<\/p>\n<p>Ok, ho riflettuto e ho concluso che \u00a0la copia del fascicolo su cui sto lavorando la tengo\u00a0su <a title=\"registrazione gratuira a dropbox\" href=\"https:\/\/www.dropbox.com\/referrals\/NTMzMDA0Nzk\">dropbox<\/a> (vedi punto 6 del <a title=\"link interno\" href=\"http:\/\/www.iavvocato.eu\/?p=74\">post precedente<\/a> ), \u00a0e dunque se anche l&#8217;iPad (come tutto ci\u00f2 che \u00e8 elettronico) pu\u00f2 avere un problema, se capitasse quando sono fuori sede per un udienza potrei sempre accedere al mio fascicolo da qualsiasi computer connesso ad internet, o anche dal mio iPhone.<\/p>\n<p>Va beh, per ora mi sono autoconvinto, non abbandoner\u00f2 per cos\u00ec poco il proposito di diventare un <em>paperless lawyer<\/em>.<\/p>\n<p style=\"text-align: center;\">* * *<\/p>\n<p>L&#8217;altra cosa un po&#8217; scocciante \u00e8 che, visto che l&#8217;assitenza iPhone e iPad \u00e8 gestita solo dagli apple store \u00a0(a Roma l&#8217;unico si trova al\u00a0<a title=\"link esterno\" href=\"http:\/\/www.apple.com\/it\/retail\/romaest\/\">centro commerciale di Lunghezza<\/a>),\u00a0per farmelo riparare o cambiare\u00a0non potr\u00f2 rivolgermi al fidato centro assistenza autorizzato <a title=\"link esterno\" href=\"http:\/\/www.bagnetti.com\">Bagnetti<\/a> dal quale mi servo di solito e con il quale mi trovo benissimo. O meglio, potrei, ma poi loro dovrebbero comunque spedirlo ad apple. Dunque, se voglio sperare di avere il mio iPad funzionante (\/uno nuovo) gi\u00e0 stasera,\u00a0mi tocca arrivare sino quasi ai castelli Romani.<\/p>\n<p>Riguardo questo problemino logistico, ho un&#8217;idea da lanciare al mitico <a title=\"link esterno\" href=\"http:\/\/techcrunch.com\/2008\/09\/16\/today-in-history-steve-jobs-becomes-iceo\/\">iCeo<\/a>.<\/p>\n<p>Caro Steve, se a Milano vi fanno problemi, lasciateli perdere .. proponete, invece, all&#8217;amministrazione comunale di Roma di farvi piazzare un <a href=\"http:\/\/www.apple.com\/retail\/fifthavenue\/\">bel cubo trasparente<\/a> in centro a Roma.<\/p>\n<p>Per ovvie ragioni di tutela del patrimonio archeologico alcune zone sono ovviamente off-limts.<\/p>\n<p>Altre, per\u00f2, sono centralissime e piene di vita culturale e un progetto come questo potrebbe far parte di un pi\u00f9 ampio piano di rinascita commerciale: per esempio, io vedrei bene il <a href=\"http:\/\/www.apple.com\/retail\/fifthavenue\/\">cubo trasparente<\/a> apple nella zona del <a title=\"link\" href=\"http:\/\/www.06blog.it\/post\/4878\/gazometro-il-moderno-colosseo-da-valorizzare\">Gazometro a Roma<\/a>: c&#8217;\u00e8 tanto spazio da riqualificare. Testaccio, \u00e8 una zona piena di vitalit\u00e0 giovanile. E&#8217; facilmente raggiungibile con la metropolitana.<\/p>\n<p>Ma, soprattutto, \u00e8 molto pi\u00f9 vicino a casa mia rispetto all&#8217;apple store di Lunghezza \ud83d\ude09<\/p>\n","protected":false},"excerpt":{"rendered":"<p>Avevo deciso che il prossimo weekend, dopo due settimane piene d&#8217;uso, avrei scritto il primo post di iAvvocato esclusivamente dedicato a raccontare i modi in cui gi\u00e0 avevo inserito l&#8217;iPad nella mia routine di lavoro, e invece mi tocca raccontare di come &#8211; quasi in conclusione della lettura mattutina di repubblica, e poco prima di usare l&#8217;iPad per la sua funzione di lettore dei fascicoli digitalizzati &#8211; mi sia andato in tilt lo schermo.<br \/>\nE mi sa tanto che sono anche il primo caso in Italia. Che fortuna.<br \/>\n<strong> Aggiornamento: Tutto sommato solo due giorni d&#8217;astinenza. Assistenza Apple grandiosa come sempre. Dopo due giorni ho gi\u00e0 tra le mani un nuovo iPad sostitutivo \ud83d\ude42 <\/strong><\/p>\n","protected":false},"author":2,"featured_media":305,"comment_status":"open","ping_status":"open","sticky":false,"template":"","format":"standard","meta":{"_et_pb_use_builder":"","_et_pb_old_content":"","_et_gb_content_width":"","_monsterinsights_skip_tracking":false,"_monsterinsights_sitenote_active":false,"_monsterinsights_sitenote_note":"","_monsterinsights_sitenote_category":0,"footnotes":""},"categories":[1,5],"tags":[26,25],"class_list":["post-291","post","type-post","status-publish","format-standard","has-post-thumbnail","hentry","category-apple","category-ipad","tag-assistenza","tag-problemi"],"_links":{"self":[{"href":"http:\/\/www.iavvocato.cloud\/index.php?rest_route=\/wp\/v2\/posts\/291","targetHints":{"allow":["GET"]}}],"collection":[{"href":"http:\/\/www.iavvocato.cloud\/index.php?rest_route=\/wp\/v2\/posts"}],"about":[{"href":"http:\/\/www.iavvocato.cloud\/index.php?rest_route=\/wp\/v2\/types\/post"}],"author":[{"embeddable":true,"href":"http:\/\/www.iavvocato.cloud\/index.php?rest_route=\/wp\/v2\/users\/2"}],"replies":[{"embeddable":true,"href":"http:\/\/www.iavvocato.cloud\/index.php?rest_route=%2Fwp%2Fv2%2Fcomments&post=291"}],"version-history":[{"count":32,"href":"http:\/\/www.iavvocato.cloud\/index.php?rest_route=\/wp\/v2\/posts\/291\/revisions"}],"predecessor-version":[{"id":1888,"href":"http:\/\/www.iavvocato.cloud\/index.php?rest_route=\/wp\/v2\/posts\/291\/revisions\/1888"}],"wp:featuredmedia":[{"embeddable":true,"href":"http:\/\/www.iavvocato.cloud\/index.php?rest_route=\/wp\/v2\/media\/305"}],"wp:attachment":[{"href":"http:\/\/www.iavvocato.cloud\/index.php?rest_route=%2Fwp%2Fv2%2Fmedia&parent=291"}],"wp:term":[{"taxonomy":"category","embeddable":true,"href":"http:\/\/www.iavvocato.cloud\/index.php?rest_route=%2Fwp%2Fv2%2Fcategories&post=291"},{"taxonomy":"post_tag","embeddable":true,"href":"http:\/\/www.iavvocato.cloud\/index.php?rest_route=%2Fwp%2Fv2%2Ftags&post=291"}],"curies":[{"name":"wp","href":"https:\/\/api.w.org\/{rel}","templated":true}]}}